{"id":1,"date":"2023-09-28T16:29:30","date_gmt":"2023-09-28T16:29:30","guid":{"rendered":"https:\/\/hverdagsfilosofen.com\/blogg\/?p=1"},"modified":"2023-11-01T14:15:58","modified_gmt":"2023-11-01T14:15:58","slug":"hello-world","status":"publish","type":"post","link":"https:\/\/hverdagsfilosofen.com\/blogg\/2023\/09\/28\/hello-world\/","title":{"rendered":"Prepper Konsortium Norge A\/S!!"},"content":{"rendered":"\n<p><strong>Takk og gratulerer for at du er fremsynt og proaktiv! Grunnen til at der fins mennesker i Norge, i det hele tatt, er jo fremsynthet. I motsetning til i noen landomr\u00e5der ved ekvator, er det vanskelig \u00e5 bare rekke ut h\u00e5nden og plukke appelsiner i Norge.<\/strong><\/p>\n\n\n\n<p>Mennesker har bygget opp et visst lager av mat og utstyr for \u00e5 ha en buffer, for \u00e5 ikke bli st\u00e5ende tomhendt og m\u00e5tte skaffe alt der og da. <\/p>\n\n\n\n<p>Det er sent \u00e5 begynne \u00e5 plante mais p\u00e5 morgenen hvis man \u00f8nsker cornflakes til frokost. Noa startet ikke \u00e5 snekre p\u00e5 arken <em>etter<\/em> at han kjente regnedr\u00e5pene begynne \u00e5 falle.<\/p>\n\n\n\n<figure class=\"wp-block-pullquote\"><blockquote><p>Hvis man ikke vil at globalistene skal ha kontroll over tilgangen man har p\u00e5 mat, hva med tilgangen man har p\u00e5 samfunn og kultur?<\/p><\/blockquote><\/figure>\n\n\n\n<p>\u00c5 grave seg ned i Nordmarka i en underjordisk bunkers med alt man trenger for to \u00e5r, kan sikre at man overlever et stykke ut i apokalypsen. Alts\u00e5 dersom Antikrist, og jeg vet ikke hva, tar over verden. Men hva s\u00e5? Hva skjer etterp\u00e5?<\/p>\n\n\n\n<p>\u00d8nsker man \u00e5 ha et samfunn, i tillegg til hermetikk, med kultur og mennesker og en fremtid der barn vokser opp og selv f\u00e5r barn, da trenger man jo endel ting. Noen av de tingene er ogs\u00e5 avhengig av fremsynthet. <\/p>\n\n\n\n<p>Noen av de som gj\u00f8r seg klar til \u00e5 trekke seg tilbake til en bunkers, gj\u00f8r jo det p\u00e5 grunn av at de ser en stadig mer dominerende struktur kontrollert av globalister. Det er for eksempel tv, det er skole, det er aviser, det er spillefilmer, musikk, reklamer. <\/p>\n\n\n\n<p>Hva med \u00e5 preppe litt p\u00e5 akkurat disse omr\u00e5dene? Vil man ikke at globalistene skal ha kontroll over tilgangen p\u00e5 mat &#8212; hva med tilgangen man har p\u00e5 samfunn og kultur? Det er ok \u00e5 tenke p\u00e5 \u00e5 bygge og skape p\u00e5 samfunnsmessige omr\u00e5der, i tillegg til matlageret. <\/p>\n\n\n\n<p>Hvis alle i det noen kaller frihetsbevegelsen er fokusert p\u00e5 \u00e5 grave seg ned i Nordmarka og\/eller starte Parti i Staten, kan vi si at et omr\u00e5de har blitt neglisjert. Det omr\u00e5det er helt vanlig, normalt menneskelig samfunnsliv. \u00c5 gjemme seg i skogen er ikke normalt samfunnsliv. Og, som kanskje noen ikke har skj\u00f8nt, Staten er ikke normalt samfunnsliv, heller.<\/p>\n<div class=\"gsp_post_data\" \r\n\t            data-post_type=\"post\" \r\n\t            data-cat=\"uncategorized\" \r\n\t            data-modified=\"120\"\r\n\t            data-created=\"1695918570\"\r\n\t            data-title=\"Prepper Konsortium Norge A\/S!!\" \r\n\t            data-home=\"https:\/\/hverdagsfilosofen.com\/blogg\"><\/div>","protected":false},"excerpt":{"rendered":"<p>Takk og gratulerer for at du er fremsynt og proaktiv! Grunnen til at der fins mennesker i Norge, i det hele tatt, er jo fremsynthet. I motsetning til i noen landomr\u00e5der ved ekvator, er det vanskelig \u00e5 bare rekke ut h\u00e5nden og plukke appelsiner i Norge. Mennesker har bygget opp et visst lager av mat [&hellip;]<\/p>\n","protected":false},"author":1,"featured_media":11,"comment_status":"open","ping_status":"open","sticky":false,"template":"","format":"standard","meta":{"_s2mail":"","footnotes":""},"categories":[1],"tags":[],"class_list":["post-1","post","type-post","status-publish","format-standard","has-post-thumbnail","hentry","category-uncategorized"],"_links":{"self":[{"href":"https:\/\/hverdagsfilosofen.com\/blogg\/wp-json\/wp\/v2\/posts\/1","targetHints":{"allow":["GET"]}}],"collection":[{"href":"https:\/\/hverdagsfilosofen.com\/blogg\/wp-json\/wp\/v2\/posts"}],"about":[{"href":"https:\/\/hverdagsfilosofen.com\/blogg\/wp-json\/wp\/v2\/types\/post"}],"author":[{"embeddable":true,"href":"https:\/\/hverdagsfilosofen.com\/blogg\/wp-json\/wp\/v2\/users\/1"}],"replies":[{"embeddable":true,"href":"https:\/\/hverdagsfilosofen.com\/blogg\/wp-json\/wp\/v2\/comments?post=1"}],"version-history":[{"count":14,"href":"https:\/\/hverdagsfilosofen.com\/blogg\/wp-json\/wp\/v2\/posts\/1\/revisions"}],"predecessor-version":[{"id":25,"href":"https:\/\/hverdagsfilosofen.com\/blogg\/wp-json\/wp\/v2\/posts\/1\/revisions\/25"}],"wp:featuredmedia":[{"embeddable":true,"href":"https:\/\/hverdagsfilosofen.com\/blogg\/wp-json\/wp\/v2\/media\/11"}],"wp:attachment":[{"href":"https:\/\/hverdagsfilosofen.com\/blogg\/wp-json\/wp\/v2\/media?parent=1"}],"wp:term":[{"taxonomy":"category","embeddable":true,"href":"https:\/\/hverdagsfilosofen.com\/blogg\/wp-json\/wp\/v2\/categories?post=1"},{"taxonomy":"post_tag","embeddable":true,"href":"https:\/\/hverdagsfilosofen.com\/blogg\/wp-json\/wp\/v2\/tags?post=1"}],"curies":[{"name":"wp","href":"https:\/\/api.w.org\/{rel}","templated":true}]}}