{"id":133,"date":"2025-06-21T17:16:37","date_gmt":"2025-06-21T15:16:37","guid":{"rendered":"https:\/\/hverdagsfilosofen.com\/blogg\/?p=133"},"modified":"2025-06-22T17:43:55","modified_gmt":"2025-06-22T15:43:55","slug":"renaud-camus","status":"publish","type":"post","link":"https:\/\/hverdagsfilosofen.com\/blogg\/2025\/06\/21\/renaud-camus\/","title":{"rendered":"Renaud Camus"},"content":{"rendered":"\n<p>Denne lille boken kom ut p\u00e5 norsk i 2023, det vil si for to \u00e5r siden. Noen hadde kommet med en merkelig, egen vinkling istedenfor vanlig omtale ved lanseringen. Utgivelsen er helt p\u00e5 siden av det globalistene liker \u00e5 feire, og dette h\u00f8rtes absolutt ut som en bok jeg ville lese.<\/p>\n\n\n\n<figure class=\"wp-block-embed is-type-wp-embed is-provider-bod-posten-no wp-block-embed-bod-posten-no\"><div class=\"wp-block-embed__wrapper\">\n<blockquote class=\"wp-embedded-content\" data-secret=\"uSIbvAMSqZ\"><a href=\"https:\/\/xn--bodposten-n8a.no\/omstridt-bok-nedlatende-presentert-na-legger-norli-seg-flat\/\">Omstridt bok \u00abnedlatende\u00bb presentert: N\u00e5 legger Norli seg flat<\/a><\/blockquote><iframe loading=\"lazy\" class=\"wp-embedded-content\" sandbox=\"allow-scripts\" security=\"restricted\" style=\"position: absolute; visibility: hidden;\" title=\"&laquo;Omstridt bok \u00abnedlatende\u00bb presentert: N\u00e5 legger Norli seg flat&raquo; &#8212; Bod\u00f8posten.no\" src=\"https:\/\/xn--bodposten-n8a.no\/omstridt-bok-nedlatende-presentert-na-legger-norli-seg-flat\/embed\/#?secret=uSIbvAMSqZ\" data-secret=\"uSIbvAMSqZ\" width=\"500\" height=\"282\" frameborder=\"0\" marginwidth=\"0\" marginheight=\"0\" scrolling=\"no\"><\/iframe>\n<\/div><\/figure>\n\n\n\n<p>Med 81 sider og ingen kapittelinndelinger, er det forresten kanskje riktig at dette er en &#8216;pamflett&#8217; eller noe, mer enn en egentlig bok. Skal ikke late som jeg kjente s\u00e5 veldig til forfatteren, men uttrykket &#8216;the great replacement&#8217; har jeg kommet over p\u00e5 nettet; Renaud Camus er tydeligvis dette uttrykket sin opphavsmann.<\/p>\n\n\n\n<blockquote class=\"wp-block-quote is-layout-flow wp-block-quote-is-layout-flow\">\n<p>Frederick Winslow Taylor, en amerikansk ingeni\u00f8r, er den sentrale figuren i erstatismens historie, eller i hvert fall i f\u00f8r-erstatismen. Til tross for at han definitivt ikke er en figur av tilsvarende intellektuelt format, er han for erstatismen det som Marx er for kommunismen. Med d\u00e9t f\u00f8lger naturligvis et enormt ansvar. Som hans siste utgiver skriver: &#8216;Frederick Taylor har blod p\u00e5 hendene&#8217;. Jeg istemmer hundre prosent: ikke bare blod, men ogs\u00e5 svette, t\u00e5rer, UMM (Udifferensiert Menneskelig Materie), for ikke \u00e5 si gale kuer og drukningsd\u00f8den i Middelhavet. Og som han selv skrev: &#8216;I fortiden stod mennesket i f\u00f8rste rekke, i fremtiden m\u00e5 maskinen gj\u00f8re det&#8217;. Med andre vil [sic!] mennesket bli skiftet ut med maskiner (roboter, elektronikk, datamaskiner, tall, statistikk). Fra en filmkjenners synsvinkel er Global erstatisme <em>Metropolis<\/em> + <em>Modern Times<\/em> + <em>Soylent Green<\/em>.<\/p>\n<cite>(Camus, 2023, s. 58)<\/cite><\/blockquote>\n\n\n\n<p>Som \u00d8yvind Eikrem skriver i forordet (han er ogs\u00e5 oversetteren), er Renaud Camus god til \u00e5 skrive og av og til ganske vittig. Man kan nesten f\u00f8le at man blir smartere av \u00e5 lese, for dette er fine og intellektuelle saker og klart nok basert p\u00e5 kunnskap.<\/p>\n\n\n\n<blockquote class=\"wp-block-quote is-layout-flow wp-block-quote-is-layout-flow\">\n<p>Nasjoner som har bygget velst\u00e5ende og velordnede sivilisasjoner, og som gjennom \u00e5rhundrer har arbeidet mot dette m\u00e5let, blir redusert til rettighetsbuffeter for parasitter som ikke har tatt seg bryet med \u00e5 anstrenge seg, eller ikke hatt vilje, hjerne, mot eller t\u00e5lmodighet til \u00e5 ta skjebnen i egne hender.<\/p>\n<cite>(Camus, 2023, s. 56)<\/cite><\/blockquote>\n\n\n\n<p>Sitatet viser hvordan temaet for utgivelsen kanskje kan oppsummeres, og forfatteren er heldigvis ganske direkte, selv om han ogs\u00e5 har noen formuleringer jeg syns er litt rare og vel &#8216;inkluderende&#8217;. <\/p>\n\n\n\n<h2 class=\"wp-block-heading\">Erstatismen<\/h2>\n\n\n\n<p>Forel\u00f8pig ser det ut til at den intellektuelle forfatteren, i likhet med de fleste andre mennesker, ikke har lest Jon Giske sin definisjon av hva Staten er, men Renaud Camus har noen interessante observasjoner om den franske revolusjon, &#8216;sm\u00e5borgerlige&#8217; og et ideal om \u00e5 rive ned alle distinksjoner og definisjoner.<\/p>\n\n\n\n<p>Alle ting skal, etter den globalistiske ideologien, v\u00e6re &#8216;like&#8217; og dermed kunne skiftes ut, ersattes, med tilfeldig valgte andre ting. Dette settes av Camus i sammenheng med juss og politikk og Statsborgerskap, men s\u00e5 vidt jeg har har lagt merke til nevner han ikke Staten s\u00e5 direkte som man burde. <\/p>\n\n\n\n<p>Hva er egentlig poenget med \u00e5 avskaffe naturgitte, selvsagte begreper som kj\u00f8nn og rase, og nasjonalitet, hvis det ikke er meningen \u00e5 oppn\u00e5 kontroll? Og hvordan kan man oppn\u00e5 kontroll uten autoritet, alts\u00e5 kunstig autoritet (ellers var den jo naturlig)?<\/p>\n\n\n\n<p>Han snakker om <em>davokrati<\/em>, ikke en skrivefeil men et ord som refererer til makten i Davos. Der har eliten funnet ut at man kan styre direkte, uten \u00e5 g\u00e5 veien om s\u00e5kalt demokrati i Staten, forklarer Renaud Camus.<\/p>\n\n\n\n<figure class=\"wp-block-image size-large\"><img loading=\"lazy\" decoding=\"async\" width=\"1024\" height=\"686\" src=\"https:\/\/hverdagsfilosofen.com\/blogg\/wp-content\/uploads\/2025\/06\/davos-2042711_1280-1024x686.jpg\" alt=\"\" class=\"wp-image-138\" srcset=\"https:\/\/hverdagsfilosofen.com\/blogg\/wp-content\/uploads\/2025\/06\/davos-2042711_1280-1024x686.jpg 1024w, https:\/\/hverdagsfilosofen.com\/blogg\/wp-content\/uploads\/2025\/06\/davos-2042711_1280-300x201.jpg 300w, https:\/\/hverdagsfilosofen.com\/blogg\/wp-content\/uploads\/2025\/06\/davos-2042711_1280-768x514.jpg 768w, https:\/\/hverdagsfilosofen.com\/blogg\/wp-content\/uploads\/2025\/06\/davos-2042711_1280.jpg 1280w\" sizes=\"auto, (max-width: 1024px) 100vw, 1024px\" \/><figcaption class=\"wp-element-caption\">Davos er en by i Sveits.<\/figcaption><\/figure>\n\n\n\n<p>En interessant formulering oppsummerer at alt som &#8216;politisk ukorrekte&#8217; mennesker poengterer, blir stemplet som &#8216;kriminelt&#8217; &#8212; ikke med henvisning til noe konkret galt ved det de sier men fordi anti-globalister selv er kriminelle &#8216;for s\u00e5nn m\u00e5 det bare v\u00e6re&#8217;. I det nye, legalistiske samfunnet, det forfatteren kaller et sm\u00e5borgerlig samfunn, gjelder oppfatningen at det rett og slett er uakseptabelt \u00e5 ha et syn som st\u00f8tter det naturgitte. <\/p>\n\n\n\n<p>En viss Pierre Bordieu, fortelles det om i boken, hadde store problemer med at elever i Statens skole, som alle mottar den samme undervisningen i samme klasserom, uansett har forskjellig l\u00e6reevne.<\/p>\n\n\n\n<p>Mennesker er som kjent ikke laget av globalistene. Og mennesker er forskjellige. Men Statsborgerskap er laget av globalistene.<\/p>\n\n\n\n<p>Istedenfor \u00e5 forholde seg til menneskene med deres individuelle kvaliteter, krever globalistene absolutt (og litt hysterisk) at kun Statsborgerskap skal ses p\u00e5. Og alle Statsborgerskap er like. Der fins ihvertfall ikke Statsborgerskap av forskjellig type som for eksempel &#8216;kortvokste&#8217; eller &#8216;r\u00f8dh\u00e5rete&#8217;. Og kj\u00f8nn er, som mange har lagt merke til de seneste par \u00e5rene, noe globalistene ogs\u00e5 insisterer p\u00e5 at kun er et sp\u00f8rsm\u00e5l om hva Staten har skrevet inn i Passet.<\/p>\n\n\n\n<p>Boken fra Legatum Publishing kan godt anbefales til tenkende mennesker som \u00f8nsker \u00e5 se intellektuelle artikuleringer om hva det er som har skjedd i Vesten disse seneste ti\u00e5rene. Den er til salgs, kanskje litt motvillig, hos Norli og antagelig andre bokbutikker, og den fins ogs\u00e5 til utl\u00e5n, antagelig minst like motvillig, hos Statens (s\u00e5kalt) offentlige bibliotek (for Statsborgere). Boken <em>Dere skal ikke erstatte oss!<\/em> kan dessuten kj\u00f8pes direkte fra forlaget her:<\/p>\n\n\n\n<figure class=\"wp-block-embed is-type-wp-embed is-provider-legatum-publishing wp-block-embed-legatum-publishing\"><div class=\"wp-block-embed__wrapper\">\n<blockquote class=\"wp-embedded-content\" data-secret=\"VnBcltS7pm\"><a href=\"https:\/\/legatum-books.com\/product\/dere-skal-ikke-erstatte-oss\/\">Dere skal ikke erstatte oss!<\/a><\/blockquote><iframe loading=\"lazy\" class=\"wp-embedded-content\" sandbox=\"allow-scripts\" security=\"restricted\" style=\"position: absolute; visibility: hidden;\" title=\"&#8220;Dere skal ikke erstatte oss!&#8221; &#8212; Legatum Publishing\" src=\"https:\/\/legatum-books.com\/product\/dere-skal-ikke-erstatte-oss\/embed\/#?secret=3NQLwsnwfp#?secret=VnBcltS7pm\" data-secret=\"VnBcltS7pm\" width=\"500\" height=\"282\" frameborder=\"0\" marginwidth=\"0\" marginheight=\"0\" scrolling=\"no\"><\/iframe>\n<\/div><\/figure>\n\n\n\n<hr class=\"wp-block-separator has-alpha-channel-opacity is-style-wide\"\/>\n\n\n\n<p>Hvis finanseliten i Davos \u00f8nsker \u00e5 kontrollere menneskeheten ved \u00e5 definere &#8216;sm\u00e5borgerligheten&#8217; som selve verden, og de f\u00e5r st\u00f8tte fra venstreorienterte som ikke t\u00e5ler id\u00e9en om forskjell mellom \u00e9tt individ og et annet, og mellom \u00e9n gruppe og en annen, kan det (som alltid!) passe \u00e5 ogs\u00e5 anbefale <em>The Evolutionary Psychology Behind Politics<\/em>, en bok som foresl\u00e5r hvor den psykologien kan komme fra, som ikke t\u00e5ler ulikhet i resultat.<\/p>\n\n\n\n<p><\/p>\n<div class=\"gsp_post_data\" \r\n\t            data-post_type=\"post\" \r\n\t            data-cat=\"bokomtale\" \r\n\t            data-modified=\"120\"\r\n\t            data-created=\"1750526197\"\r\n\t            data-title=\"Renaud Camus\" \r\n\t            data-home=\"https:\/\/hverdagsfilosofen.com\/blogg\"><\/div>","protected":false},"excerpt":{"rendered":"<p>Denne lille boken kom ut p\u00e5 norsk i 2023, det vil si for to \u00e5r siden. Noen hadde kommet med en merkelig, egen vinkling istedenfor vanlig omtale ved lanseringen. Utgivelsen er helt p\u00e5 siden av det globalistene liker \u00e5 feire, og dette h\u00f8rtes absolutt ut som en bok jeg ville lese. Med 81 sider og [&hellip;]<\/p>\n","protected":false},"author":1,"featured_media":151,"comment_status":"open","ping_status":"open","sticky":false,"template":"","format":"standard","meta":{"_s2mail":"yes","footnotes":""},"categories":[3],"tags":[10,9,6,8,4,5,7],"class_list":["post-133","post","type-post","status-publish","format-standard","has-post-thumbnail","hentry","category-bokomtale","tag-filosofi","tag-historie","tag-hjemland","tag-litteratur","tag-nasjon","tag-rase","tag-staten"],"_links":{"self":[{"href":"https:\/\/hverdagsfilosofen.com\/blogg\/wp-json\/wp\/v2\/posts\/133","targetHints":{"allow":["GET"]}}],"collection":[{"href":"https:\/\/hverdagsfilosofen.com\/blogg\/wp-json\/wp\/v2\/posts"}],"about":[{"href":"https:\/\/hverdagsfilosofen.com\/blogg\/wp-json\/wp\/v2\/types\/post"}],"author":[{"embeddable":true,"href":"https:\/\/hverdagsfilosofen.com\/blogg\/wp-json\/wp\/v2\/users\/1"}],"replies":[{"embeddable":true,"href":"https:\/\/hverdagsfilosofen.com\/blogg\/wp-json\/wp\/v2\/comments?post=133"}],"version-history":[{"count":13,"href":"https:\/\/hverdagsfilosofen.com\/blogg\/wp-json\/wp\/v2\/posts\/133\/revisions"}],"predecessor-version":[{"id":152,"href":"https:\/\/hverdagsfilosofen.com\/blogg\/wp-json\/wp\/v2\/posts\/133\/revisions\/152"}],"wp:featuredmedia":[{"embeddable":true,"href":"https:\/\/hverdagsfilosofen.com\/blogg\/wp-json\/wp\/v2\/media\/151"}],"wp:attachment":[{"href":"https:\/\/hverdagsfilosofen.com\/blogg\/wp-json\/wp\/v2\/media?parent=133"}],"wp:term":[{"taxonomy":"category","embeddable":true,"href":"https:\/\/hverdagsfilosofen.com\/blogg\/wp-json\/wp\/v2\/categories?post=133"},{"taxonomy":"post_tag","embeddable":true,"href":"https:\/\/hverdagsfilosofen.com\/blogg\/wp-json\/wp\/v2\/tags?post=133"}],"curies":[{"name":"wp","href":"https:\/\/api.w.org\/{rel}","templated":true}]}}