{"id":188,"date":"2025-07-22T22:58:06","date_gmt":"2025-07-22T20:58:06","guid":{"rendered":"https:\/\/hverdagsfilosofen.com\/blogg\/?p=188"},"modified":"2025-07-22T23:01:46","modified_gmt":"2025-07-22T21:01:46","slug":"rase-isme","status":"publish","type":"post","link":"https:\/\/hverdagsfilosofen.com\/blogg\/2025\/07\/22\/rase-isme\/","title":{"rendered":"Rase-isme"},"content":{"rendered":"\n<p>Hvis for eksempel Vitt ariskt motst\u00e5nd begynte \u00e5 marsjere i Sverige, for at Staten i Sverige skulle bombe Somalia, eller for at Staten i Sverige skulle kreve spesielle rettigheter for svensker som \u00f8nsket \u00e5 etablere seg i Somalia, da ville mange tenke at det var en j\u00e6vla merkelig kampanje. Og jeg ville v\u00e6rt en av de hadde tenkt det.<\/p>\n\n\n\n<p>Hvis en somalisk organisasjon i Somalia, pr\u00f8ver \u00e5 hevde det somaliske folkets spesielle rettigheter i hjemlandet til det folket, da ville ikke s\u00e5 mange synes det var merkelig. Og jeg ville heller ikke hevet noe s\u00e6rlig p\u00e5 \u00f8yenbrynet. Men n\u00e5r svensker i Sverige pr\u00f8ver \u00e5 hevde svenskenes moralske rettigheter i hjemlandet Sverige, da ser det ut til at endel mennesker automatisk stempler det som negativt.<\/p>\n\n\n\n<p>Hvorfor?<\/p>\n\n\n\n<p>Svaret er egentlig kun \u00e9n ting: agendaen eller interessene til Staten.<\/p>\n\n\n\n<p>Hvis Staten i Norge tillot samefolket \u00e5 ha en egen, nasjonal agenda, da ville dette gjort det vanskeligere for Staten \u00e5 administrere befolkningen p\u00e5 territoriet. N\u00e5r Harald gj\u00f8r krav p\u00e5 \u00e5 v\u00e6re en &#8216;konge for alle&#8217;, s\u00e5 sier han ikke bare at han vil forespr\u00e5ke dine interesser i samfunnet, uansett hvem du er, men ogs\u00e5 at alle i Norge skal b\u00f8ye kne for han som deres konge.<\/p>\n\n\n\n<figure class=\"wp-block-image size-large\"><img loading=\"lazy\" decoding=\"async\" width=\"1024\" height=\"682\" src=\"https:\/\/hverdagsfilosofen.com\/blogg\/wp-content\/uploads\/2025\/07\/winter-3742906_1280-1024x682.jpg\" alt=\"\" class=\"wp-image-190\" srcset=\"https:\/\/hverdagsfilosofen.com\/blogg\/wp-content\/uploads\/2025\/07\/winter-3742906_1280-1024x682.jpg 1024w, https:\/\/hverdagsfilosofen.com\/blogg\/wp-content\/uploads\/2025\/07\/winter-3742906_1280-300x200.jpg 300w, https:\/\/hverdagsfilosofen.com\/blogg\/wp-content\/uploads\/2025\/07\/winter-3742906_1280-768x512.jpg 768w, https:\/\/hverdagsfilosofen.com\/blogg\/wp-content\/uploads\/2025\/07\/winter-3742906_1280.jpg 1280w\" sizes=\"auto, (max-width: 1024px) 100vw, 1024px\" \/><\/figure>\n\n\n\n<p>Det der evige maset i Amerika om rase-isme, handler ikke om at negrene holdes som fanger p\u00e5 bomullsplantasjer\u2026 Det handler om at Staten er akutt allergisk mot noen som helst m\u00e5lb\u00e6ring av det begrepet at der skulle finnes noen annen meningsfull skjelning av mennesker p\u00e5 USA sitt land, annet enn nettopp Statsborgerskap.<\/p>\n\n\n\n<p>(N\u00e5 vil jo de mest ekstreme at til og med Statsborgerskap ikke skal v\u00e6re viktig, og at man for eksempel skal ha b\u00e5de oppholds-&#8216;rett&#8217; og Stemme-&#8216;rett&#8217; uten \u00e5 ha Statsborgerskap, men det er egentlig et annet, spesielt tema.)<\/p>\n\n\n\n<p>Konflikten mellom natur og papir, er helt fundamental, den g\u00e5r liksom helt ned til grunnfjellet\u2026 De som har en agenda om \u00e5 herske basert p\u00e5 papir, er i evig krig mot de som hevder naturen. Viktig tema \u00e5 f\u00e5 tak i.<\/p>\n<div class=\"gsp_post_data\" \r\n\t            data-post_type=\"post\" \r\n\t            data-cat=\"hverdagsfilosofi\" \r\n\t            data-modified=\"120\"\r\n\t            data-created=\"1753225086\"\r\n\t            data-title=\"Rase-isme\" \r\n\t            data-home=\"https:\/\/hverdagsfilosofen.com\/blogg\"><\/div>","protected":false},"excerpt":{"rendered":"<p>Hvis for eksempel Vitt ariskt motst\u00e5nd begynte \u00e5 marsjere i Sverige, for at Staten i Sverige skulle bombe Somalia, eller for at Staten i Sverige skulle kreve spesielle rettigheter for svensker som \u00f8nsket \u00e5 etablere seg i Somalia, da ville mange tenke at det var en j\u00e6vla merkelig kampanje. Og jeg ville v\u00e6rt en av [&hellip;]<\/p>\n","protected":false},"author":1,"featured_media":189,"comment_status":"open","ping_status":"open","sticky":false,"template":"","format":"standard","meta":{"_s2mail":"","footnotes":""},"categories":[15],"tags":[22,21,20],"class_list":["post-188","post","type-post","status-publish","format-standard","has-post-thumbnail","hentry","category-hverdagsfilosofi","tag-konspirasjon","tag-politikk","tag-raseisme"],"_links":{"self":[{"href":"https:\/\/hverdagsfilosofen.com\/blogg\/wp-json\/wp\/v2\/posts\/188","targetHints":{"allow":["GET"]}}],"collection":[{"href":"https:\/\/hverdagsfilosofen.com\/blogg\/wp-json\/wp\/v2\/posts"}],"about":[{"href":"https:\/\/hverdagsfilosofen.com\/blogg\/wp-json\/wp\/v2\/types\/post"}],"author":[{"embeddable":true,"href":"https:\/\/hverdagsfilosofen.com\/blogg\/wp-json\/wp\/v2\/users\/1"}],"replies":[{"embeddable":true,"href":"https:\/\/hverdagsfilosofen.com\/blogg\/wp-json\/wp\/v2\/comments?post=188"}],"version-history":[{"count":3,"href":"https:\/\/hverdagsfilosofen.com\/blogg\/wp-json\/wp\/v2\/posts\/188\/revisions"}],"predecessor-version":[{"id":193,"href":"https:\/\/hverdagsfilosofen.com\/blogg\/wp-json\/wp\/v2\/posts\/188\/revisions\/193"}],"wp:featuredmedia":[{"embeddable":true,"href":"https:\/\/hverdagsfilosofen.com\/blogg\/wp-json\/wp\/v2\/media\/189"}],"wp:attachment":[{"href":"https:\/\/hverdagsfilosofen.com\/blogg\/wp-json\/wp\/v2\/media?parent=188"}],"wp:term":[{"taxonomy":"category","embeddable":true,"href":"https:\/\/hverdagsfilosofen.com\/blogg\/wp-json\/wp\/v2\/categories?post=188"},{"taxonomy":"post_tag","embeddable":true,"href":"https:\/\/hverdagsfilosofen.com\/blogg\/wp-json\/wp\/v2\/tags?post=188"}],"curies":[{"name":"wp","href":"https:\/\/api.w.org\/{rel}","templated":true}]}}