{"id":196,"date":"2025-08-29T14:27:24","date_gmt":"2025-08-29T12:27:24","guid":{"rendered":"https:\/\/hverdagsfilosofen.com\/blogg\/?p=196"},"modified":"2025-08-30T18:49:16","modified_gmt":"2025-08-30T16:49:16","slug":"ord-og-stemmer","status":"publish","type":"post","link":"https:\/\/hverdagsfilosofen.com\/blogg\/2025\/08\/29\/ord-og-stemmer\/","title":{"rendered":"Ord og Stemmer"},"content":{"rendered":"\n<p>Jeg er <em>rase-ist<\/em> og s\u00e5kalt h\u00f8yre-ekstrem. Men hva betyr de uttrykkene? Fins noen meningsfull definisjon, ikke bare retorisk effekt og f\u00f8lelser? En <em>individ-ist<\/em> er en som verdsetter det sosiale niv\u00e5et som er individet. Hva er da en rase-ist, annet enn noen som verdsetter det sosiale niv\u00e5et som er rase? <\/p>\n\n\n\n<p>Og om venstre\/h\u00f8yre-aksen i Staten, hvor langt til h\u00f8yre g\u00e5r det an \u00e5 komme? Er Liberalistene ikke der? Hvordan kunne man ta holdningene til Erna, skru de opp \u2019til 11\u2032 og ankomme ved noenting som ligner det de kaller h\u00f8yre-\u2018ekstremt\u2019? G\u00e5r selvsagt ikke an. S\u00e5 det de mener har ingenting \u00e5 gj\u00f8re med den aksen i Staten, som sies \u00e5 g\u00e5 fra venstre til h\u00f8yre. Egentlig mener de samisk patriotisme, eller patriotisme for nasjonen det etnisk norske folk.<\/p>\n\n\n\n<p>Hvor er samiske interesser p\u00e5 venstre\/h\u00f8yre-aksen? <strong>Selvsagt ingen steder.<\/strong> \u2018H\u00f8yre-ekstrem\u2019 er bare retorikk, et fors\u00f8k p\u00e5 \u00e5 assosiere samiske folkepatrioter (eller etnisk norske nordmenn fra Norge, som ikke hater nasjonen det etnisk norske folk) med Adolf Hitler. Men internasjonale (anti-nasjonale!) sosialister vil IKKE v\u00e6re med p\u00e5 at Hitler stod for noenting venstreorientert, s\u00e5 de later som om han \u2018per definisjon\u2019 er p\u00e5 h\u00f8yresiden. <\/p>\n\n\n\n<p>Det er ikke h\u00f8yrepolitikk eller venstrepolitikk, som de misliker ved Hitler, men at han angivelig verdsatte nasjonen det etnisk tyske folk. N\u00e5, de som ikke klarer \u00e5 ta litt p\u00e5 strak arm det jeg pr\u00f8ver \u00e5 skrive om her, har <em>antagelig<\/em> ikke et perspektiv som lar de skjelne nasjonen fra Staten. Og da kan jeg stille sp\u00f8rsm\u00e5l ved hvilken \u2018bissniss \u2018 de egentlig har med \u00e5 Stemme i Staten. Alts\u00e5 hvis de ikke engang vet hva Staten er for noe\u2026 Staten er ingen nasjon. Vet du det?<\/p>\n\n\n\n<p><em>(Dette er en pittelitt justert versjon av en kommentar jeg opprinnelig skrev <a href=\"https:\/\/derimot.no\/ordene-som-brukes-bestemmer-forstaelsen\/#comment-138149\">her<\/a>.)<\/em><\/p>\n<div class=\"gsp_post_data\" \r\n\t            data-post_type=\"post\" \r\n\t            data-cat=\"hverdagsfilosofi\" \r\n\t            data-modified=\"120\"\r\n\t            data-created=\"1756477644\"\r\n\t            data-title=\"Ord og Stemmer\" \r\n\t            data-home=\"https:\/\/hverdagsfilosofen.com\/blogg\"><\/div>","protected":false},"excerpt":{"rendered":"<p>Jeg er rase-ist og s\u00e5kalt h\u00f8yre-ekstrem. Men hva betyr de uttrykkene? Fins noen meningsfull definisjon, ikke bare retorisk effekt og f\u00f8lelser? En individ-ist er en som verdsetter det sosiale niv\u00e5et som er individet. Hva er da en rase-ist, annet enn noen som verdsetter det sosiale niv\u00e5et som er rase? Og om venstre\/h\u00f8yre-aksen i Staten, hvor [&hellip;]<\/p>\n","protected":false},"author":1,"featured_media":197,"comment_status":"open","ping_status":"open","sticky":false,"template":"","format":"standard","meta":{"_s2mail":"yes","footnotes":""},"categories":[15],"tags":[4,21,23,5],"class_list":["post-196","post","type-post","status-publish","format-standard","has-post-thumbnail","hentry","category-hverdagsfilosofi","tag-nasjon","tag-politikk","tag-propaganda","tag-rase"],"_links":{"self":[{"href":"https:\/\/hverdagsfilosofen.com\/blogg\/wp-json\/wp\/v2\/posts\/196","targetHints":{"allow":["GET"]}}],"collection":[{"href":"https:\/\/hverdagsfilosofen.com\/blogg\/wp-json\/wp\/v2\/posts"}],"about":[{"href":"https:\/\/hverdagsfilosofen.com\/blogg\/wp-json\/wp\/v2\/types\/post"}],"author":[{"embeddable":true,"href":"https:\/\/hverdagsfilosofen.com\/blogg\/wp-json\/wp\/v2\/users\/1"}],"replies":[{"embeddable":true,"href":"https:\/\/hverdagsfilosofen.com\/blogg\/wp-json\/wp\/v2\/comments?post=196"}],"version-history":[{"count":3,"href":"https:\/\/hverdagsfilosofen.com\/blogg\/wp-json\/wp\/v2\/posts\/196\/revisions"}],"predecessor-version":[{"id":201,"href":"https:\/\/hverdagsfilosofen.com\/blogg\/wp-json\/wp\/v2\/posts\/196\/revisions\/201"}],"wp:featuredmedia":[{"embeddable":true,"href":"https:\/\/hverdagsfilosofen.com\/blogg\/wp-json\/wp\/v2\/media\/197"}],"wp:attachment":[{"href":"https:\/\/hverdagsfilosofen.com\/blogg\/wp-json\/wp\/v2\/media?parent=196"}],"wp:term":[{"taxonomy":"category","embeddable":true,"href":"https:\/\/hverdagsfilosofen.com\/blogg\/wp-json\/wp\/v2\/categories?post=196"},{"taxonomy":"post_tag","embeddable":true,"href":"https:\/\/hverdagsfilosofen.com\/blogg\/wp-json\/wp\/v2\/tags?post=196"}],"curies":[{"name":"wp","href":"https:\/\/api.w.org\/{rel}","templated":true}]}}