{"id":26,"date":"2023-11-01T16:42:42","date_gmt":"2023-11-01T16:42:42","guid":{"rendered":"https:\/\/hverdagsfilosofen.com\/blogg\/?p=26"},"modified":"2024-07-10T08:43:48","modified_gmt":"2024-07-10T07:43:48","slug":"befolkningen-har-ingen-tenkeevne","status":"publish","type":"post","link":"https:\/\/hverdagsfilosofen.com\/blogg\/2023\/11\/01\/befolkningen-har-ingen-tenkeevne\/","title":{"rendered":"Befolkningen har ingen tenkeevne"},"content":{"rendered":"\n<p><strong>Sitatet fra Jens Bj\u00f8rneboe uttrykker en ide som er komplett dustete, hvis vi husker p\u00e5 at det vi snakker om er mennesker. Mennesker \u00f8nsker ikke \u00e5 v\u00e6re mistillitsfulle, de \u00f8nsker \u00e5 v\u00e6re trofaste og lojale.<\/strong><\/p>\n\n\n\n<p>Hva er egentlig makt? Du kan ha formell makt fordi du sitter i et Verv i en formell sammenheng som andre mennesker befinner seg innenfor, og der de ikke har et s\u00e5nt Verv. Eller du kan ha makt fordi mange mennesker ser opp til deg, av egen fri vilje.<\/p>\n\n\n\n<p>Ingen av de to formene for makt kan, noen gang som helst, gj\u00f8re at menneskene blir om til mistroiske og skeptiske individualister. Derfor ligger skylden IKKE hos befolkningen. Du kan ikke ha ansvar for noe du ikke kan kontrollere.<\/p>\n\n\n\n<figure class=\"wp-block-pullquote\"><blockquote><p>Da er det V\u00c5RT ansvar \u00e5 s\u00f8rge for at befolkningen har noe bra som de kan se opp til og som de kan f\u00f8lge.<\/p><cite>Ulf Ayirtahsk Berg<\/cite><\/blockquote><\/figure>\n\n\n\n<p>Skylden ligger alts\u00e5 ikke hos befolkningen &#8212; skylden ligger hos OSS. Det er vi som er kjennetegnet av skepsis og mistro og et mer eller mindre selvstendig synspunkt. Da er det V\u00c5RT ansvar \u00e5 s\u00f8rge for at befolkningen har noe bra som de kan se opp til og som de kan f\u00f8lge.<\/p>\n\n\n\n<p>Dette betyr igjen at vi m\u00e5 gjenkjenne at der faktisk eksisterer mennesker som har en hjerne som kommer opp p\u00e5 MRI-skanninger, som annerledes enn en normal hjerne. Jeg snakker om s\u00e5kalte maktmennesker, eller du kan ogs\u00e5 kalle de psykopater.<\/p>\n\n\n\n<p>Vi m\u00e5 v\u00e6re klar over at der fins fiendtlige mennesker som plasserer seg i autoritets- og maktposisjoner av grunner som IKKE er at de \u00f8nsker \u00e5 hjelpe befolkningen.<\/p>\n\n\n\n<p>S\u00e5 m\u00e5 vi sette opp v\u00e5re egne institusjoner og ordninger og organisasjoner for befolkningen, og passe p\u00e5, L\u00d8PENDE, \u00e5 holde psykopatene utenfor all makt og innflytelse i v\u00e5re strukturer.<\/p>\n\n\n\n<p>Jeg har talt.<\/p>\n<div class=\"gsp_post_data\" \r\n\t            data-post_type=\"post\" \r\n\t            data-cat=\"uncategorized\" \r\n\t            data-modified=\"120\"\r\n\t            data-created=\"1698856962\"\r\n\t            data-title=\"Befolkningen har ingen tenkeevne\" \r\n\t            data-home=\"https:\/\/hverdagsfilosofen.com\/blogg\"><\/div>","protected":false},"excerpt":{"rendered":"<p>Sitatet fra Jens Bj\u00f8rneboe uttrykker en ide som er komplett dustete, hvis vi husker p\u00e5 at det vi snakker om er mennesker. Mennesker \u00f8nsker ikke \u00e5 v\u00e6re mistillitsfulle, de \u00f8nsker \u00e5 v\u00e6re trofaste og lojale. Hva er egentlig makt? Du kan ha formell makt fordi du sitter i et Verv i en formell sammenheng som [&hellip;]<\/p>\n","protected":false},"author":1,"featured_media":27,"comment_status":"open","ping_status":"open","sticky":false,"template":"","format":"standard","meta":{"_s2mail":"","footnotes":""},"categories":[1],"tags":[],"class_list":["post-26","post","type-post","status-publish","format-standard","has-post-thumbnail","hentry","category-uncategorized"],"_links":{"self":[{"href":"https:\/\/hverdagsfilosofen.com\/blogg\/wp-json\/wp\/v2\/posts\/26","targetHints":{"allow":["GET"]}}],"collection":[{"href":"https:\/\/hverdagsfilosofen.com\/blogg\/wp-json\/wp\/v2\/posts"}],"about":[{"href":"https:\/\/hverdagsfilosofen.com\/blogg\/wp-json\/wp\/v2\/types\/post"}],"author":[{"embeddable":true,"href":"https:\/\/hverdagsfilosofen.com\/blogg\/wp-json\/wp\/v2\/users\/1"}],"replies":[{"embeddable":true,"href":"https:\/\/hverdagsfilosofen.com\/blogg\/wp-json\/wp\/v2\/comments?post=26"}],"version-history":[{"count":2,"href":"https:\/\/hverdagsfilosofen.com\/blogg\/wp-json\/wp\/v2\/posts\/26\/revisions"}],"predecessor-version":[{"id":78,"href":"https:\/\/hverdagsfilosofen.com\/blogg\/wp-json\/wp\/v2\/posts\/26\/revisions\/78"}],"wp:featuredmedia":[{"embeddable":true,"href":"https:\/\/hverdagsfilosofen.com\/blogg\/wp-json\/wp\/v2\/media\/27"}],"wp:attachment":[{"href":"https:\/\/hverdagsfilosofen.com\/blogg\/wp-json\/wp\/v2\/media?parent=26"}],"wp:term":[{"taxonomy":"category","embeddable":true,"href":"https:\/\/hverdagsfilosofen.com\/blogg\/wp-json\/wp\/v2\/categories?post=26"},{"taxonomy":"post_tag","embeddable":true,"href":"https:\/\/hverdagsfilosofen.com\/blogg\/wp-json\/wp\/v2\/tags?post=26"}],"curies":[{"name":"wp","href":"https:\/\/api.w.org\/{rel}","templated":true}]}}