{"id":36,"date":"2023-11-05T21:00:00","date_gmt":"2023-11-05T20:00:00","guid":{"rendered":"https:\/\/hverdagsfilosofen.com\/blogg\/?p=36"},"modified":"2023-11-06T00:05:25","modified_gmt":"2023-11-05T23:05:25","slug":"er-det-kanskje-ikke-feminismen-men-vart-perspektiv-som-er-feil","status":"publish","type":"post","link":"https:\/\/hverdagsfilosofen.com\/blogg\/2023\/11\/05\/er-det-kanskje-ikke-feminismen-men-vart-perspektiv-som-er-feil\/","title":{"rendered":"Er det kanskje ikke Feminismen men V\u00c5RT perspektiv som er feil?&#8230;."},"content":{"rendered":"\n<p><strong>De som diskuterer samfunnstema i 2023 kommer i mange tilfeller inn p\u00e5 Feminismen. En ting du kan h\u00f8re sagt, er at det begynte med et \u00f8nske om respekt for enkle og grunnleggende rettigheter, og har endt opp med Feministisk hat og undertrykking imot menn og menns posisjon.<\/strong><\/p>\n\n\n\n<p>Biologisk fins der, sett p\u00e5 en viss m\u00e5te, i menneskelig forstand ingen hensyn som ligger hinsides <em>kvinnens behov for ressurser<\/em>. Og hvis vi ser s\u00e5 enkelt p\u00e5 det som at der fins to kj\u00f8nn (der fins <em>to<\/em> kj\u00f8nn), har menneskene ingenting som g\u00e5r utenp\u00e5 menn n\u00e5r det gjelder \u00e5 skulle levere de ressursene, ettersom menn ikke er kvinner og derfor ikke er gravid.<\/p>\n\n\n\n<p>Holder man kartet opp-ned, eller sitter med feil kart, kan det bli forbasket frustrerende \u00e5 skulle navigere. Det vi ser n\u00e5 med Feminismen, er kvinner med en slags uhemmet forventning om ressurser og posisjon. Dette kan sies \u00e5 deformere hele samfunnsstrukturen &#8212; samtidig som den underbevisste holdningen bak kan sammenlignes med den en kone ville ha i en t\u00f8mmerhytte i skogen, der hun bodde med mann og barn for noen hundre \u00e5r siden.<\/p>\n\n\n\n<p>Det er da kanskje <em>sammenhengen der disse holdningene og forventningene uttrykkes<\/em>, som egentlig er feil, og ikke n\u00f8dvendigvis holdningene og forventningene i seg selv. Det moderne, juridiske samfunnet er ikke en s\u00e5nn tradisjonell t\u00f8mmerhytte i skogen der damen er fruen i huset (i en sammmenheng som praktisk talt er den eneste hun kjenner til). <\/p>\n\n\n\n<figure class=\"wp-block-pullquote\"><blockquote><p>Hvor ser vi Feminismen, i sin mest ekstreme form, bli hevdet og utfoldet sterkest? Jo, det er innenfor Aksjeselskap, og kanskje enn\u00e5 mer innenfor Staten og Statens forskjellige avdelinger som for eksempel dens skoler og media. <\/p><\/blockquote><\/figure>\n\n\n\n<p>Hva er egentlig sammenhengen idag, kontra for flere hundre \u00e5r siden? Jo, det er nettopp sp\u00f8rsm\u00e5let &#8212; for den sammenhengen er for det f\u00f8rste steinhardt praktisk r\u00e9ell, og for det andre komplett usynlig og ikke p\u00e5 radaren til folk flest! Dette blir som \u00e5 ha skrudd Virtual Reality-briller fast i skallen, uten \u00e5 engang v\u00e6re klar over det, og \u00e5 f\u00e5 servert 3D-bilder fra et landskap &#8230; samtidig som man ikke har peiling p\u00e5 at det <em>virkelige<\/em> landskapet man g\u00e5r rundt i er helt noe annet enn hva man f\u00e5r inntrykk av via \u00f8ynene.<\/p>\n\n\n\n<p>Hvor ser vi Feminismen, i sin mest ekstreme form, bli hevdet og utfoldet sterkest? Jo, det er innenfor Aksjeselskap, og kanskje enn\u00e5 mer innenfor Staten og Statens forskjellige avdelinger som for eksempel dens skoler og media. <\/p>\n\n\n\n<p>Opp med en h\u00e5nd, de som vet hva et Aksjeselskap juridisk er for noe! Hva med Staten, da? Opp med en h\u00e5nd de som vet hva <em>konstituering<\/em> er ment \u00e5 v\u00e6re for noen slags ting! <\/p>\n\n\n\n<p>N\u00e5 kan du pr\u00f8ve \u00e5 forestille deg adferd fra et biologisk vesen, som blir praktisert i en sammenheng som i og for seg <strong>ikke har noe \u00e5 gj\u00f8re med \u00e5rsaken<\/strong> til adferden. S\u00e5 kan du ser for deg at det for deg er naturlig i en s\u00e5nn slags situasjon \u00e5 bare ta for gitt at de oppf\u00f8rer seg s\u00e5nn som de gj\u00f8r, p\u00e5 et grunnlag av samme perspektiv og samme opplevelse som du selv sitter med. <\/p>\n\n\n\n<p>Her har vi alts\u00e5 en feiltolking, og da kan den sosiale opplevelsen din bli enormt vanskelig \u00e5 h\u00e5ndtere, kaotisk og meningsl\u00f8s. Du kan bli forvirret, frustrert og sint.<\/p>\n\n\n\n<p>Vi vet jo ikke alltid hva det er som motiverer andre folk, og vi vet ikke alltid hva helheten til en situasjon og sosial sammenheng egentlig er. Av og til er en stygg andunge <em>egentlig<\/em> en svaneunge som vi, av forst\u00e5elige og naturlige grunner, kategoriserte og oppfattet p\u00e5 feil m\u00e5te.<\/p>\n\n\n\n<p>Ofte har vi ikke peiling p\u00e5 hva sammenhengen egentlig er selv om, eller ikke minst n\u00e5r, den ser \u00e5penbar, helt vanlig og naturlig ut. Det samme problemet kan Feminister oppleve, ogs\u00e5&#8230;<\/p>\n\n\n\n<figure class=\"wp-block-pullquote\"><blockquote><p>Mennesker kan programmeres med et falskt paradigme, en falsk forestilling.<\/p><\/blockquote><\/figure>\n\n\n\n<p>Feminister har ikke n\u00f8dvendigivis komplett oversikt, hverken over situasjonen eller over seg selv og egne biologisk baserte holdninger i situasjonen.<\/p>\n\n\n\n<figure class=\"wp-block-image size-large\"><img loading=\"lazy\" decoding=\"async\" width=\"1024\" height=\"575\" src=\"https:\/\/hverdagsfilosofen.com\/blogg\/wp-content\/uploads\/2023\/11\/vr-3559839_1280-1024x575.jpg\" alt=\"\" class=\"wp-image-69\" srcset=\"https:\/\/hverdagsfilosofen.com\/blogg\/wp-content\/uploads\/2023\/11\/vr-3559839_1280-1024x575.jpg 1024w, https:\/\/hverdagsfilosofen.com\/blogg\/wp-content\/uploads\/2023\/11\/vr-3559839_1280-300x169.jpg 300w, https:\/\/hverdagsfilosofen.com\/blogg\/wp-content\/uploads\/2023\/11\/vr-3559839_1280-768x431.jpg 768w, https:\/\/hverdagsfilosofen.com\/blogg\/wp-content\/uploads\/2023\/11\/vr-3559839_1280.jpg 1280w\" sizes=\"auto, (max-width: 1024px) 100vw, 1024px\" \/><\/figure>\n\n\n\n<p>N\u00e5, hvis vi tok og r\u00f8sket vekk de VR-brillene, da kan det hende det med ett ble tydelig <em>hvorfor<\/em> det var at man opplevde \u00e5 kunne g\u00e5 rett igjennom noe man <em>trodde<\/em> var en murvegg, og det ble kanskje tydelig hvorfor man hadde ramlet ned skr\u00e5ninger og utforbakker der de falske bildene fra brillene <em>fortalte<\/em> at man befant seg midt ute p\u00e5 en slette.<\/p>\n\n\n\n<p>Mennesker kan programmeres med et falskt paradigme, en falsk forestilling. Mye sosialt br\u00e5k er en f\u00f8lge av at man driver og navigerer etter regler som faktisk <strong>ikke er virkeligheten<\/strong>. <\/p>\n\n\n\n<p>For \u00e5 bli motivert til \u00e5 finne ut av forskjellen p\u00e5 illusjon og sannhet, m\u00e5 man kanskje havne borti et hj\u00f8rne av den figurative tapeten som er klistret utenp\u00e5 alt, litt som da Truman i filmen <em>The Truman Show<\/em> seilte med et smell inn i &#8216;horisonten&#8217; som i virkeligheten var en scenevegg.<\/p>\n\n\n\n<p>\u00c5 se virkeligheten istedenfor en illusjon, kan naturlig nok klare opp i endel ting. Opp med en h\u00e5nd, alle som vet hva et Aksjeselskap juridisk er!<\/p>\n<div class=\"gsp_post_data\" \r\n\t            data-post_type=\"post\" \r\n\t            data-cat=\"uncategorized\" \r\n\t            data-modified=\"120\"\r\n\t            data-created=\"1699218000\"\r\n\t            data-title=\"Er det kanskje ikke Feminismen men V\u00c5RT perspektiv som er feil?&#8230;.\" \r\n\t            data-home=\"https:\/\/hverdagsfilosofen.com\/blogg\"><\/div>","protected":false},"excerpt":{"rendered":"<p>De som diskuterer samfunnstema i 2023 kommer i mange tilfeller inn p\u00e5 Feminismen. En ting du kan h\u00f8re sagt, er at det begynte med et \u00f8nske om respekt for enkle og grunnleggende rettigheter, og har endt opp med Feministisk hat og undertrykking imot menn og menns posisjon. Biologisk fins der, sett p\u00e5 en viss m\u00e5te, [&hellip;]<\/p>\n","protected":false},"author":1,"featured_media":38,"comment_status":"open","ping_status":"open","sticky":false,"template":"","format":"standard","meta":{"_s2mail":"","footnotes":""},"categories":[1],"tags":[],"class_list":["post-36","post","type-post","status-publish","format-standard","has-post-thumbnail","hentry","category-uncategorized"],"_links":{"self":[{"href":"https:\/\/hverdagsfilosofen.com\/blogg\/wp-json\/wp\/v2\/posts\/36","targetHints":{"allow":["GET"]}}],"collection":[{"href":"https:\/\/hverdagsfilosofen.com\/blogg\/wp-json\/wp\/v2\/posts"}],"about":[{"href":"https:\/\/hverdagsfilosofen.com\/blogg\/wp-json\/wp\/v2\/types\/post"}],"author":[{"embeddable":true,"href":"https:\/\/hverdagsfilosofen.com\/blogg\/wp-json\/wp\/v2\/users\/1"}],"replies":[{"embeddable":true,"href":"https:\/\/hverdagsfilosofen.com\/blogg\/wp-json\/wp\/v2\/comments?post=36"}],"version-history":[{"count":26,"href":"https:\/\/hverdagsfilosofen.com\/blogg\/wp-json\/wp\/v2\/posts\/36\/revisions"}],"predecessor-version":[{"id":73,"href":"https:\/\/hverdagsfilosofen.com\/blogg\/wp-json\/wp\/v2\/posts\/36\/revisions\/73"}],"wp:featuredmedia":[{"embeddable":true,"href":"https:\/\/hverdagsfilosofen.com\/blogg\/wp-json\/wp\/v2\/media\/38"}],"wp:attachment":[{"href":"https:\/\/hverdagsfilosofen.com\/blogg\/wp-json\/wp\/v2\/media?parent=36"}],"wp:term":[{"taxonomy":"category","embeddable":true,"href":"https:\/\/hverdagsfilosofen.com\/blogg\/wp-json\/wp\/v2\/categories?post=36"},{"taxonomy":"post_tag","embeddable":true,"href":"https:\/\/hverdagsfilosofen.com\/blogg\/wp-json\/wp\/v2\/tags?post=36"}],"curies":[{"name":"wp","href":"https:\/\/api.w.org\/{rel}","templated":true}]}}